{"id":10825,"date":"2026-09-01T14:07:30","date_gmt":"2026-09-01T13:07:30","guid":{"rendered":"https:\/\/veronaguide.it\/?p=10825"},"modified":"2026-09-02T08:15:51","modified_gmt":"2026-09-02T07:15:51","slug":"o-que-ver-em-verona-num-dia-itinerario-a-pe-com-horarios","status":"publish","type":"post","link":"https:\/\/veronaguide.it\/pt-pt\/magazine-pt-pt\/o-que-ver-em-verona-num-dia-itinerario-a-pe-com-horarios\/","title":{"rendered":"O que ver em Verona num dia: itiner\u00e1rio a p\u00e9 com hor\u00e1rios"},"content":{"rendered":"\n<p class=\"wp-block-paragraph\">Verona \u00e9 uma das cidades italianas mais f\u00e1ceis de visitar a p\u00e9: o centro hist\u00f3rico \u00e9 compacto, quase todo pedonal, e as dist\u00e2ncias entre os principais monumentos s\u00e3o curtas. Num dia \u00e9 poss\u00edvel ver muito, desde que se siga uma ordem l\u00f3gica.<\/p>\n\n\n\n<p class=\"wp-block-paragraph\">Este itiner\u00e1rio foi pensado para quem tem um dia inteiro \u2014 das 9h \u00e0s 18h, aproximadamente. Segue um circuito que parte e regressa \u00e0 zona da Piazza Bra, reduz ao m\u00ednimo os percursos repetidos e deixa a melhor vista para o fim da tarde, quando a luz sobre a pedra vermelha veronesa \u00e9 inigual\u00e1vel.<\/p>\n\n\n\n<p class=\"wp-block-paragraph\">Em cada etapa encontrar\u00e1:<\/p>\n\n\n\n<ul class=\"wp-block-list\">\n<li>A etapa base (A) \u2014 o essencial, aquilo que n\u00e3o pode faltar <\/li>\n\n\n\n<li>As descobertas da zona (B) \u2014 se quiser algo mais ou se j\u00e1 conhece Verona<\/li>\n<\/ul>\n\n\n\n<p class=\"wp-block-paragraph\">&nbsp;O mapa do percurso est\u00e1 em anexo no final do artigo.<\/p>\n\n\n\n<h2 class=\"wp-block-heading\"><strong>ETAPA 1 \u2014 9h00<\/strong><\/h2>\n\n\n\n<p class=\"wp-block-paragraph\"><strong><strong>Piazza Bra e a Arena de Verona<\/strong><\/strong><\/p>\n\n\n\n<p class=\"wp-block-paragraph\">Comece pela Piazza Bra: \u00e9 a maior pra\u00e7a de Verona e o ponto de orienta\u00e7\u00e3o natural da cidade. A Arena domina o lado norte \u2014 o segundo anfiteatro romano mais bem conservado do mundo, mais antigo do que o Coliseu. Entre, se quiser (abre \u00e0s 9h), ou contorne-a pelo exterior e fotografe o fragmento sobrevivente do anel exterior, a Ala, no lado norte.<\/p>\n\n\n\n<p class=\"wp-block-paragraph\"><br><a href=\"https:\/\/veronaguide.it\/pt-pt\/magazine-pt-pt\/opera-no-arena-de-verona-dois-mil-anos-de-espetaculo-nas-mesmas-pedras\/\" target=\"_blank\" rel=\"noreferrer noopener\">Descubra a hist\u00f3ria da Arena e do Festival L\u00edrico<\/a><\/p>\n\n\n\n<p class=\"wp-block-paragraph\">Na zona, se quiser algo mais:<\/p>\n\n\n\n<ul class=\"wp-block-list\">\n<li>Via Anfiteatro \u2014 o lado este da Arena, quase sempre vazio, com uma perspetiva ins\u00f3lita sobre o exterior do anfiteatro<\/li>\n\n\n\n<li>Gran Caff\u00e8 Borsari (Corso Porta Borsari) \u2014 um dos caf\u00e9s hist\u00f3ricos do centro, aberto desde o s\u00e9culo XIX<\/li>\n<\/ul>\n\n\n\n<h2 class=\"wp-block-heading\"><strong>ETAPA 2 \u2014 Ore 10h00<\/strong><\/h2>\n\n\n\n<p class=\"wp-block-paragraph\"><strong><strong>&nbsp;A Casa de Julieta e a Via Mazzini<\/strong><\/strong><\/p>\n\n\n\n<p class=\"wp-block-paragraph\">A Via Mazzini \u00e9 o principal eixo pedonal entre a Piazza Bra e a Piazza delle Erbe: siga nessa dire\u00e7\u00e3o. A Casa de Julieta fica a meio caminho, na Via Cappello. O p\u00e1tio \u00e9 acess\u00edvel mesmo sem pagar bilhete para o interior. A est\u00e1tua de Julieta, a varanda e o muro das cartas est\u00e3o ali. Se a hist\u00f3ria lhe interessa realmente, o bilhete para subir vale a pena \u2014 e de manh\u00e3 cedo a fila \u00e9 curta.<\/p>\n\n\n\n<p class=\"wp-block-paragraph\"><a href=\"https:\/\/veronaguide.it\/pt-pt\/magazine-pt-pt\/romeu-e-julieta-em-verona-a-historia-real-por-tras-do-mito-de-shakespeare\/\" target=\"_blank\" rel=\"noreferrer noopener\"><\/a><a href=\"https:\/\/veronaguide.it\/pt-pt\/magazine-pt-pt\/romeu-e-julieta-em-verona-a-historia-real-por-tras-do-mito-de-shakespeare\/\">A verdadeira hist\u00f3ria de Romeu e Julieta: de Luigi da Porto a Shakespeare <\/a><\/p>\n\n\n\n<p class=\"wp-block-paragraph\">Na zona, se quiser algo mais:<\/p>\n\n\n\n<ul class=\"wp-block-list\">\n<li>&nbsp;Museo degli Affreschi G.B. Cavalcaselle (junto ao T\u00famulo de Julieta) \u2014 poucos turistas, frescos retirados de igrejas veronesas e o sarc\u00f3fago conhecido como \u00abt\u00famulo de Julieta\u00bb num claustro g\u00f3tico<\/li>\n\n\n\n<li>Via Cappello 4 \u2014 a Casa de Romeu, a cinquenta metros, que pertenceu aos Monticoli (os verdadeiros Mont\u00e9quios): sem filas, sem bilhete, poucos param aqui<\/li>\n<\/ul>\n\n\n\n<h2 class=\"wp-block-heading\"><strong>ETAPA 3 \u2014 10h30<\/strong><\/h2>\n\n\n\n<p class=\"wp-block-paragraph\"><strong>Piazza delle Erbe <\/strong><\/p>\n\n\n\n<p class=\"wp-block-paragraph\">O antigo f\u00f3rum romano, hoje mercado di\u00e1rio. Olhe para cima: as fachadas mudam de estilo a cada tr\u00eas metros \u2014 g\u00f3tico, renascentista, veneziano. A fonte ao centro reaproveita uma est\u00e1tua romana do s\u00e9culo IV. N\u00e3o se demore demasiado, h\u00e1 melhor logo a seguir.<\/p>\n\n\n\n<h2 class=\"wp-block-heading\"><strong>ETAPA 4 \u2014 10h50<\/strong><\/h2>\n\n\n\n<p class=\"wp-block-paragraph\"><strong>Piazza dei Signori e Arcas Escal\u00edgeras<\/strong><\/p>\n\n\n\n<p class=\"wp-block-paragraph\">Atravesse o Arco della Costa \u2014 ao levantar os olhos ver\u00e1 a costela de baleia suspensa da ab\u00f3bada h\u00e1 tr\u00eas s\u00e9culos \u2014 e entrar\u00e1 na Piazza dei Signori, que os veroneses chamam Piazza Dante. A est\u00e1tua do poeta est\u00e1 ao centro: ele viveu aqui de facto, h\u00f3spede dos Escal\u00edgeros. A trinta segundos a p\u00e9, atr\u00e1s do gradeamento, est\u00e3o as Arcas Escal\u00edgeras: os t\u00famulos g\u00f3ticos da fam\u00edlia que governou Verona no s\u00e9culo XIV, vis\u00edveis gratuitamente do exterior.<\/p>\n\n\n\n<p class=\"wp-block-paragraph\"><a href=\"https:\/\/veronaguide.it\/pt-pt\/magazine-pt-pt\/guia-turistico-de-verona-a-cidade-de-dante-nao-so-de-julieta\/\" target=\"_blank\" rel=\"noreferrer noopener\">Dante em Verona: a hist\u00f3ria da sua estadia e dos seus lugares<\/a><\/p>\n\n\n\n<p class=\"wp-block-paragraph\">Na zona, se quiser algo mais:<\/p>\n\n\n\n<ul class=\"wp-block-list\">\n<li>Torre dei Lamberti (entrada paga) \u2014 84 metros, vista de 360\u00b0 sobre o centro hist\u00f3rico, fila m\u00ednima de manh\u00e3 cedo<\/li>\n\n\n\n<li>Bocche di denuncia \u2014 no Palazzo della Ragione, na Piazza dei Signori: as fendas de pedra onde os venezianos depositavam as den\u00fancias an\u00f3nimas. Procure-as: est\u00e3o \u00e0 altura dos olhos e quase ningu\u00e9m repara nelas<\/li>\n\n\n\n<li>Vicolo Crocioni \u2014 a ruela que desce para a Via Sottoriva: casas medievais sobre arcos, lavadouros, a Verona que n\u00e3o \u00e9 fotografada<\/li>\n<\/ul>\n\n\n\n<p class=\"wp-block-paragraph\"><strong>Pausa para almo\u00e7o<\/strong>: das pra\u00e7as at\u00e9 \u00e0 Via Sottoriva s\u00e3o 5 minutos a p\u00e9 em dire\u00e7\u00e3o ao \u00c1dige. A Via Sottoriva \u00e9 a rua medieval de arcadas baixas, com as tratorias de ementas escritas \u00e0 m\u00e3o e os veroneses a almo\u00e7ar. \u00c9 a alternativa local ao excesso de turismo das pra\u00e7as centrais.<\/p>\n\n\n\n<h2 class=\"wp-block-heading\"><strong>ETAPA 5 \u2014 14h00<\/strong><\/h2>\n\n\n\n<p class=\"wp-block-paragraph\">C<strong>astelvecchio e <strong>a Ponte Escal\u00edgera<\/strong><\/strong><\/p>\n\n\n\n<p class=\"wp-block-paragraph\">Do almo\u00e7o na Via Sottoriva, Castelvecchio fica a 12 minutos a p\u00e9 para oeste, ao longo do rio. A fortaleza escal\u00edgera alberga um dos museus medievais mais importantes do norte de It\u00e1lia, concebido por Carlo Scarpa nos anos sessenta: a visita ao interior \u00e9 recomend\u00e1vel se lhe interessa a arte medieval. A Ponte Escal\u00edgera, encostada \u00e0 fortaleza, \u00e9 de 1354 \u2014 atravess\u00e1-la \u00e9 gratuito e oferece uma vista sobre o \u00c1dige que n\u00e3o se tem de nenhum outro ponto.<\/p>\n\n\n\n<p class=\"wp-block-paragraph\">Na zona, se quiser algo mais:<\/p>\n\n\n\n<ul class=\"wp-block-list\">\n<li>Bas\u00edlica de San Zeno (15 minutos a p\u00e9 de Castelvecchio) \u2014 um dos exemplos mais importantes do rom\u00e2nico italiano, com as portas de bronze do s\u00e9culo XII e o tr\u00edptico de Mantegna. Se tiver tempo, o desvio compensa<\/li>\n\n\n\n<li>Lungadige Cangrande \u2014 o passeio ribeirinho para norte: menos tur\u00edstico, mais local, com vista sobre as colinas<\/li>\n<\/ul>\n\n\n\n<h2 class=\"wp-block-heading\"><strong>ETAPA 6 \u2014 15h30<\/strong><\/h2>\n\n\n\n<p class=\"wp-block-paragraph\"><strong><strong>A Ponte Pietra e a margem direita do \u00c1dige<\/strong><\/strong><\/p>\n\n\n\n<p class=\"wp-block-paragraph\">A ponte romana mais antiga de Verona, do s\u00e9culo I a.C. Do lado esquerdo \u2014 olhando para montante \u2014 procure os orif\u00edcios dispostos aos pares com um sulco profundo: os olhos do gato. Serviam para amarrar as cordas que puxavam os barcos contra a corrente. Nenhuma placa o explica e pouqu\u00edssimos visitantes reparam neles. Da ponte v\u00ea-se tamb\u00e9m o Teatro Romano, encaixado na colina da margem esquerda.<\/p>\n\n\n\n<p class=\"wp-block-paragraph\">Na zona, se quiser algo mais:<\/p>\n\n\n\n<ul class=\"wp-block-list\">\n<li>Teatro Romano e Museu Arqueol\u00f3gico (5 minutos da ponte, margem esquerda) \u2014 s\u00e9culo I a.C., praticamente vazio todo o ano, com um terra\u00e7o panor\u00e2mico no telhado do convento agostinho que o domina<\/li>\n\n\n\n<li>Via Sottoriva (se ainda n\u00e3o a viu ao almo\u00e7o) \u2014 passe agora pelas arcadas medievais, sem a multid\u00e3o da tarde<\/li>\n<\/ul>\n\n\n\n<h2 class=\"wp-block-heading\"><strong>ETAPA 7 \u2014 17h00<\/strong><\/h2>\n\n\n\n<p class=\"wp-block-paragraph\"><strong><strong>&nbsp;Castel San Pietro \u2014 terra\u00e7o panor\u00e2mico<\/strong><\/strong><\/p>\n\n\n\n<p class=\"wp-block-paragraph\">O funicular parte do Teatro Romano e custa poucos euros. Em alternativa, as escadarias medievais que sobem do lado da ponte levam 10 minutos a p\u00e9, entre ciprestes e muros de pedra. No topo: Verona inteira aos seus p\u00e9s, a Arena, as pra\u00e7as, o \u00c1dige, as colinas da Valpolicella ao fundo. A luz do p\u00f4r do sol sobre a pedra vermelha veronesa \u00e9 uma daquelas coisas que se levam para casa. Fique pelo menos meia hora.<\/p>\n\n\n\n<p class=\"wp-block-paragraph\">Da colina desce-se ao centro em 20 minutos a p\u00e9, de novo em dire\u00e7\u00e3o \u00e0 Piazza Bra, fechando o circuito.<\/p>\n\n\n\n<p class=\"wp-block-paragraph\">O itiner\u00e1rio pronto a usar no <a href=\"https:\/\/www.google.com\/maps\/dir\/Piazza+Bra,+Verona\/Via+Cappello+23,+Verona\/Piazza+delle+Erbe,+Verona\/Piazza+dei+Signori,+Verona\/Via+Sottoriva,+Verona\/Castelvecchio,+Verona\/Ponte+Pietra,+Verona\/Castel+San+Pietro,+Verona\/Piazza+Bra,+Verona\/@45.4390,10.9920,15z\/am=t\/data=!4m2!4m1!3e2\" target=\"_blank\" rel=\"noreferrer noopener nofollow\">Google Maps<\/a>.<\/p>\n\n\n\n<h2 class=\"wp-block-heading\"><strong>Se tiver apenas meio dia<\/strong><\/h2>\n\n\n\n<p class=\"wp-block-paragraph\">Mazzini, Casa de Julieta, Piazza delle Erbe, Piazza dei Signori com as Arcas Escal\u00edgeras. Tudo pela ordem indicada acima, sem a parte da tarde.<\/p>\n\n\n\n<ul class=\"wp-block-list\">\n<li>9h00 \u2014 Piazza Bra e Arena (etapa A1, exterior: 20 min)<\/li>\n\n\n\n<li>9h20 \u2014 Via Mazzini e Casa de Julieta (etapa A2: 25 min)<\/li>\n\n\n\n<li>9h50 \u2014 Piazza delle Erbe (etapa A3: 20 min)<\/li>\n\n\n\n<li>10h10 \u2014 Arco della Costa, Piazza Dante, Arcas Escal\u00edgeras (etapa A4: 25 min)<\/li>\n\n\n\n<li>10h40 \u2014 tempo livre ou pausa para caf\u00e9<\/li>\n<\/ul>\n\n\n\n<p class=\"wp-block-paragraph\">Para meio dia com guia, a nossa <a href=\"https:\/\/veronaguide.it\/pt-pt\/localizacao-pt\/verona-pt\/visita-guiada-a-vista-geral-de-verona-meio-dia\/\" target=\"_blank\" rel=\"noreferrer noopener\">Visita Guiada Panor\u00e2mica de Meio Dia<\/a> cobre exatamente este percurso em 2 horas com um guia autorizado. \u00c9 a melhor forma de ver o m\u00e1ximo no menor tempo poss\u00edvel sem perder os detalhes que a olho nu n\u00e3o se leem.<\/p>\n","protected":false},"excerpt":{"rendered":"<p>Verona \u00e9 uma das cidades italianas mais f\u00e1ceis de visitar a p\u00e9: o centro hist\u00f3rico \u00e9 compacto, quase todo pedonal, e as dist\u00e2ncias entre os principais monumentos s\u00e3o curtas. Num dia \u00e9 poss\u00edvel ver muito, desde que se siga uma ordem l\u00f3gica.<\/p>\n<p>Este itiner\u00e1rio foi pensado para quem tem um dia inteiro \u2014 das 9h \u00e0s 18h, aproximadamente. Segue um circuito que parte e regressa \u00e0 zona da Piazza Bra, reduz ao m\u00ednimo os percursos repetidos e deixa a melhor vista para o fim da tarde, quando a luz sobre a pedra vermelha veronesa \u00e9 inigual\u00e1vel.<\/p>\n","protected":false},"author":6,"featured_media":10819,"comment_status":"closed","ping_status":"closed","sticky":false,"template":"","format":"standard","meta":{"_acf_changed":false,"footnotes":""},"categories":[285],"tags":[],"class_list":["post-10825","post","type-post","status-publish","format-standard","has-post-thumbnail","hentry","category-magazine-pt-pt"],"acf":[],"_links":{"self":[{"href":"https:\/\/veronaguide.it\/pt-pt\/wp-json\/wp\/v2\/posts\/10825","targetHints":{"allow":["GET"]}}],"collection":[{"href":"https:\/\/veronaguide.it\/pt-pt\/wp-json\/wp\/v2\/posts"}],"about":[{"href":"https:\/\/veronaguide.it\/pt-pt\/wp-json\/wp\/v2\/types\/post"}],"author":[{"embeddable":true,"href":"https:\/\/veronaguide.it\/pt-pt\/wp-json\/wp\/v2\/users\/6"}],"replies":[{"embeddable":true,"href":"https:\/\/veronaguide.it\/pt-pt\/wp-json\/wp\/v2\/comments?post=10825"}],"version-history":[{"count":6,"href":"https:\/\/veronaguide.it\/pt-pt\/wp-json\/wp\/v2\/posts\/10825\/revisions"}],"predecessor-version":[{"id":10869,"href":"https:\/\/veronaguide.it\/pt-pt\/wp-json\/wp\/v2\/posts\/10825\/revisions\/10869"}],"wp:featuredmedia":[{"embeddable":true,"href":"https:\/\/veronaguide.it\/pt-pt\/wp-json\/wp\/v2\/media\/10819"}],"wp:attachment":[{"href":"https:\/\/veronaguide.it\/pt-pt\/wp-json\/wp\/v2\/media?parent=10825"}],"wp:term":[{"taxonomy":"category","embeddable":true,"href":"https:\/\/veronaguide.it\/pt-pt\/wp-json\/wp\/v2\/categories?post=10825"},{"taxonomy":"post_tag","embeddable":true,"href":"https:\/\/veronaguide.it\/pt-pt\/wp-json\/wp\/v2\/tags?post=10825"}],"curies":[{"name":"wp","href":"https:\/\/api.w.org\/{rel}","templated":true}]}}