{"id":10823,"date":"2026-09-01T14:07:30","date_gmt":"2026-09-01T13:07:30","guid":{"rendered":"https:\/\/veronaguide.it\/?p=10823"},"modified":"2026-09-02T08:19:34","modified_gmt":"2026-09-02T07:19:34","slug":"que-voir-a-verone-en-un-jour-itineraire-a-pied-avec-horaires","status":"publish","type":"post","link":"https:\/\/veronaguide.it\/fr\/magazine-fr\/que-voir-a-verone-en-un-jour-itineraire-a-pied-avec-horaires\/","title":{"rendered":"Que voir \u00e0 V\u00e9rone en un jour : itin\u00e9raire \u00e0 pied avec horaires"},"content":{"rendered":"\n<p class=\"wp-block-paragraph\">V\u00e9rone est l\u2019une des villes italiennes les plus faciles \u00e0 visiter \u00e0 pied : le centre historique est compact, presque enti\u00e8rement pi\u00e9ton, et les distances entre les principaux monuments sont courtes. En une journ\u00e9e, on peut voir \u00e9norm\u00e9ment de choses, \u00e0 condition de suivre un ordre logique.<\/p>\n\n\n\n<p class=\"wp-block-paragraph\">Cet itin\u00e9raire s\u2019adresse \u00e0 ceux qui disposent d\u2019une journ\u00e9e enti\u00e8re \u2014 de 9h \u00e0 18h environ. Il suit une boucle qui part et revient du c\u00f4t\u00e9 de la Piazza Bra, r\u00e9duit au minimum les allers-retours et garde le plus beau panorama pour la fin de l\u2019apr\u00e8s-midi, lorsque la lumi\u00e8re sur la pierre rouge v\u00e9ronaise est incomparable.<\/p>\n\n\n\n<p class=\"wp-block-paragraph\">Pour chaque \u00e9tape, vous trouverez :<\/p>\n\n\n\n<ul class=\"wp-block-list\">\n<li>L\u2019\u00e9tape de base (A) \u2014 l\u2019incontournable, celle qu\u2019il ne faut pas manquer<\/li>\n\n\n\n<li>Les trouvailles du quartier (B) \u2014 si vous voulez aller plus loin ou si vous connaissez d\u00e9j\u00e0 V\u00e9rone<\/li>\n<\/ul>\n\n\n\n<p class=\"wp-block-paragraph\">La carte du parcours est jointe \u00e0 la fin de l\u2019article.<\/p>\n\n\n\n<h2 class=\"wp-block-heading\"><strong>\u00a0\u00c9TAPE 1 \u2014 9:00<\/strong><\/h2>\n\n\n\n<p class=\"wp-block-paragraph\"><strong><strong>&nbsp;Piazza Bra et Ar\u00e8nes de V\u00e9rone<\/strong><\/strong><\/p>\n\n\n\n<p class=\"wp-block-paragraph\">Commencez par la Piazza Bra : c\u2019est la plus grande place de V\u00e9rone et le point de rep\u00e8re naturel de la ville. Les Ar\u00e8nes dominent le c\u00f4t\u00e9 nord \u2014 le deuxi\u00e8me amphith\u00e9\u00e2tre romain le mieux conserv\u00e9 au monde, plus ancien que le Colis\u00e9e. Entrez si vous le souhaitez (ouverture \u00e0 9h), ou faites-en le tour par l\u2019ext\u00e9rieur et photographiez le fragment subsistant de l\u2019anneau ext\u00e9rieur, l\u2019Ala, sur le c\u00f4t\u00e9 nord.<\/p>\n\n\n\n<p class=\"wp-block-paragraph\"><a href=\"https:\/\/veronaguide.it\/fr\/magazine-fr\/opera-a-larene-de-verone-deux-mille-ans-de-spectacle-dans-les-memes-pierres\/\" target=\"_blank\" rel=\"noreferrer noopener\"><\/a><a href=\"https:\/\/veronaguide.it\/fr\/magazine-fr\/opera-a-larene-de-verone-deux-mille-ans-de-spectacle-dans-les-memes-pierres\/\">D\u00e9couvrez l\u2019histoire des Ar\u00e8nes et du Festival lyrique<\/a><\/p>\n\n\n\n<p class=\"wp-block-paragraph\">Dans le quartier, si vous voulez aller plus loin:<\/p>\n\n\n\n<ul class=\"wp-block-list\">\n<li>Via Anfiteatro \u2014 le c\u00f4t\u00e9 est des Ar\u00e8nes, presque toujours d\u00e9sert, avec une perspective insolite sur l\u2019ext\u00e9rieur de l\u2019amphith\u00e9\u00e2tre<\/li>\n\n\n\n<li>Gran Caff\u00e8 Borsari (Corso Porta Borsari) \u2014 l\u2019un des caf\u00e9s historiques du centre, ouvert depuis le XIXe si\u00e8cle<\/li>\n<\/ul>\n\n\n\n<h2 class=\"wp-block-heading\"><strong>\u00c9TAPE 2\u2014 10:00<\/strong><\/h2>\n\n\n\n<p class=\"wp-block-paragraph\"><strong><strong>&nbsp;La Maison de Juliette et la Via Mazzini<\/strong><\/strong><\/p>\n\n\n\n<p class=\"wp-block-paragraph\">La Via Mazzini est le principal axe pi\u00e9ton entre la Piazza Bra et la Piazza delle Erbe : prenez cette direction. La Maison de Juliette se trouve \u00e0 mi-chemin, dans la Via Cappello. La cour est accessible m\u00eame sans payer le billet pour l\u2019int\u00e9rieur. La statue de Juliette, le balcon et le mur des lettres sont l\u00e0. Si l\u2019histoire vous int\u00e9resse vraiment, le billet pour monter en vaut la peine \u2014 et la file d\u2019attente est courte t\u00f4t le matin.<\/p>\n\n\n\n<p class=\"wp-block-paragraph\"><a href=\"https:\/\/veronaguide.it\/fr\/magazine-fr\/romeo-et-juliette-a-verone-la-vraie-histoire-derriere-le-mythe-de-shakespeare\/\" target=\"_blank\" rel=\"noreferrer noopener\">La v\u00e9ritable histoire de Rom\u00e9o et Juliette : de Luigi da Porto \u00e0 Shakespeare<\/a><\/p>\n\n\n\n<p class=\"wp-block-paragraph\">Dans le quartier, si vous voulez aller plus loin:<\/p>\n\n\n\n<ul class=\"wp-block-list\">\n<li>&nbsp;Museo degli Affreschi G.B. Cavalcaselle (\u00e0 c\u00f4t\u00e9 du Tombeau de Juliette) \u2014 peu de touristes, des fresques d\u00e9tach\u00e9es des \u00e9glises v\u00e9ronaises et le sarcophage appel\u00e9 \u00ab tombeau de Juliette \u00bb dans un clo\u00eetre gothique<\/li>\n\n\n\n<li>Via Cappello 4 \u2014 la Maison de Rom\u00e9o, \u00e0 cinquante m\u00e8tres, qui appartint aux Monticoli (les vrais Montaigu) : aucune file, aucun billet, peu de visiteurs s\u2019y arr\u00eatent<\/li>\n<\/ul>\n\n\n\n<h2 class=\"wp-block-heading\"><strong>\u00c9TAPE 3 \u2014 10:30<\/strong><\/h2>\n\n\n\n<p class=\"wp-block-paragraph\"><strong>Piazza delle Erbe <\/strong><\/p>\n\n\n\n<p class=\"wp-block-paragraph\">L\u2019ancien forum romain, aujourd\u2019hui march\u00e9 quotidien. Levez les yeux : les fa\u00e7ades changent de style tous les trois m\u00e8tres \u2014 gothique, Renaissance, v\u00e9nitien. La fontaine centrale r\u00e9utilise une statue romaine du IVe si\u00e8cle. Ne vous attardez pas trop, il y a mieux juste apr\u00e8s.<\/p>\n\n\n\n<h2 class=\"wp-block-heading\"><strong>\u00c9TAPE 4 \u2014 10:50<\/strong><\/h2>\n\n\n\n<p class=\"wp-block-paragraph\"><strong>Piazza dei Signori et les Arches Scalig\u00e8res<\/strong><\/p>\n\n\n\n<p class=\"wp-block-paragraph\">Franchissez l\u2019Arco della Costa \u2014 en levant les yeux, vous verrez la c\u00f4te de baleine suspendue \u00e0 la vo\u00fbte depuis trois si\u00e8cles \u2014 et vous entrez dans la Piazza dei Signori, que les V\u00e9ronais appellent Piazza Dante. La statue du po\u00e8te se dresse au centre : il a r\u00e9ellement v\u00e9cu ici, h\u00f4te des Scaligeri. \u00c0 trente secondes \u00e0 pied, derri\u00e8re la grille, se trouvent les Arches Scalig\u00e8res : les tombeaux gothiques de la famille qui a gouvern\u00e9 V\u00e9rone au XIVe si\u00e8cle, visibles gratuitement depuis l\u2019ext\u00e9rieur.<\/p>\n\n\n\n<p class=\"wp-block-paragraph\"><a href=\"https:\/\/veronaguide.it\/fr\/magazine-fr\/guide-touristique-de-verone-la-ville-de-dante-pas-seulement-de-juliette\/\" target=\"_blank\" rel=\"noreferrer noopener\"><\/a><a href=\"https:\/\/veronaguide.it\/fr\/magazine-fr\/guide-touristique-de-verone-la-ville-de-dante-pas-seulement-de-juliette\/\">Dante \u00e0 V\u00e9rone : l\u2019histoire de son s\u00e9jour et de ses lieux<\/a><\/p>\n\n\n\n<p class=\"wp-block-paragraph\">Dans le quartier, si vous voulez aller plus loin:<\/p>\n\n\n\n<ul class=\"wp-block-list\">\n<li>Torre dei Lamberti (entr\u00e9e payante) \u2014 84 m\u00e8tres, vue \u00e0 360\u00b0 sur le centre historique, file d\u2019attente minime t\u00f4t le matin<\/li>\n\n\n\n<li> Bocche di denuncia \u2014 sur le Palazzo della Ragione, Piazza dei Signori : les fentes de pierre dans lesquelles les V\u00e9nitiens glissaient les d\u00e9nonciations anonymes. Cherchez-les : elles sont \u00e0 hauteur des yeux et presque personne ne les remarque<\/li>\n\n\n\n<li>Vicolo Crocioni \u2014 la ruelle qui descend vers la Via Sottoriva : maisons m\u00e9di\u00e9vales sur arcs, lavoirs, la V\u00e9rone que l\u2019on ne photographie pas<\/li>\n<\/ul>\n\n\n\n<p class=\"wp-block-paragraph\"><strong><strong>Pause d\u00e9jeuner<\/strong><\/strong>: des places \u00e0 la Via Sottoriva, il y a 5 minutes \u00e0 pied en direction de l\u2019Adige. La Via Sottoriva est la rue m\u00e9di\u00e9vale aux arcades basses, avec ses trattorias aux menus \u00e9crits \u00e0 la main et les V\u00e9ronais qui y d\u00e9jeunent. C\u2019est l\u2019alternative locale au surtourisme des places centrales.<br><\/p>\n\n\n\n<h2 class=\"wp-block-heading\"><strong>\u00c9TAPE 5 \u2014 14:00<\/strong><\/h2>\n\n\n\n<p class=\"wp-block-paragraph\"><strong>Castelvecchio et le Pont Scaligero<\/strong><\/p>\n\n\n\n<p class=\"wp-block-paragraph\">Depuis le d\u00e9jeuner Via Sottoriva, Castelvecchio est \u00e0 12 minutes \u00e0 pied vers l\u2019ouest le long du fleuve. La forteresse scalig\u00e8re abrite l\u2019un des mus\u00e9es m\u00e9di\u00e9vaux les plus importants du nord de l\u2019Italie, am\u00e9nag\u00e9 par Carlo Scarpa dans les ann\u00e9es soixante : la visite int\u00e9rieure est conseill\u00e9e si l\u2019art m\u00e9di\u00e9val vous int\u00e9resse. Le Pont Scaligero adoss\u00e9 \u00e0 la forteresse date de 1354 \u2014 le traverser est gratuit et offre une vue sur l\u2019Adige que l\u2019on n\u2019a d\u2019aucun autre point.<\/p>\n\n\n\n<p class=\"wp-block-paragraph\">Dans le quartier, si vous voulez aller plus loin:<\/p>\n\n\n\n<ul class=\"wp-block-list\">\n<li>Basilique San Zeno (15 minutes \u00e0 pied de Castelvecchio) \u2014 l\u2019un des exemples les plus importants du roman italien, avec les portes de bronze du XIIe si\u00e8cle et le triptyque de Mantegna. Si vous avez le temps, le d\u00e9tour en vaut la peine<\/li>\n\n\n\n<li>Lungadige Cangrande \u2014 la promenade au bord du fleuve vers le nord : moins touristique, plus locale, avec la vue sur les collines<\/li>\n<\/ul>\n\n\n\n<h2 class=\"wp-block-heading\"><strong>\u00c9TAPE 6 \u2014 15:30<\/strong><\/h2>\n\n\n\n<p class=\"wp-block-paragraph\"><strong><strong>&nbsp;Le Ponte Pietra et la rive droite de l\u2019Adige<\/strong><\/strong><\/p>\n\n\n\n<p class=\"wp-block-paragraph\">Le plus ancien pont romain de V\u00e9rone, du Ier si\u00e8cle av. J.-C. Sur le c\u00f4t\u00e9 gauche \u2014 en regardant vers l\u2019amont \u2014 cherchez les trous dispos\u00e9s par paires avec un sillon profond : les yeux du chat. Ils servaient \u00e0 amarrer les cordes qui halaient les barques \u00e0 contre-courant. Aucune plaque ne l\u2019explique, tr\u00e8s peu de visiteurs les remarquent. Depuis le pont, on aper\u00e7oit aussi le Th\u00e9\u00e2tre romain, encastr\u00e9 dans la colline sur la rive gauche.<\/p>\n\n\n\n<p class=\"wp-block-paragraph\">Dans le quartier, si vous voulez aller plus loin:<\/p>\n\n\n\n<ul class=\"wp-block-list\">\n<li>Th\u00e9\u00e2tre romain et Mus\u00e9e arch\u00e9ologique (5 minutes du pont, rive gauche) \u2014 Ier si\u00e8cle av. J.-C., pratiquement vide toute l\u2019ann\u00e9e, avec une terrasse panoramique sur le toit du couvent augustinien qui le surplombe<\/li>\n\n\n\n<li>\u2022&nbsp; Via Sottoriva (si vous ne l\u2019avez pas d\u00e9j\u00e0 vue au d\u00e9jeuner) \u2014 passez-y maintenant pour les arcades m\u00e9di\u00e9vales sans la foule de l\u2019apr\u00e8s-midi<\/li>\n<\/ul>\n\n\n\n<h2 class=\"wp-block-heading\"><strong>&nbsp;\u00c9TAPE 7 \u2014 17:00<\/strong><\/h2>\n\n\n\n<p class=\"wp-block-paragraph\"><strong>&nbsp;<strong>Castel San Pietro \u2014 terrasse panoramique<\/strong><\/strong><\/p>\n\n\n\n<p class=\"wp-block-paragraph\">Le funiculaire part du Th\u00e9\u00e2tre romain et co\u00fbte quelques euros. Sinon, les escaliers m\u00e9di\u00e9vaux qui montent du c\u00f4t\u00e9 du pont demandent 10 minutes \u00e0 pied, entre cypr\u00e8s et murs de pierre. Au sommet : tout V\u00e9rone \u00e0 vos pieds, les Ar\u00e8nes, les places, l\u2019Adige, les collines de la Valpolicella en arri\u00e8re-plan. La lumi\u00e8re du couchant sur la pierre rouge v\u00e9ronaise fait partie de ces choses que l\u2019on ram\u00e8ne chez soi. Restez-y au moins une demi-heure.<br><\/p>\n\n\n\n<p class=\"wp-block-paragraph\">Dans le quartier, si vous voulez aller plus loin:<\/p>\n\n\n\n<ul class=\"wp-block-list\">\n<li>&nbsp;La promenade le long des murs romains sur le versant est de la colline \u2014 peu de monde, de larges panoramas partiels sur la ville sous des angles inattendus<\/li>\n\n\n\n<li> Le Giardino Giusti (15 minutes \u00e0 pied, rive gauche) \u2014 si vous souhaitez terminer la journ\u00e9e dans un jardin Renaissance dessin\u00e9 \u00e0 la fin du XVIe si\u00e8cle par le comte Giusti. Visit\u00e9 par Goethe et Mozart, il est presque toujours tranquille.<\/li>\n<\/ul>\n\n\n\n<p class=\"wp-block-paragraph\">De la colline, on redescend au centre en 20 minutes \u00e0 pied, de nouveau vers la Piazza Bra, refermant ainsi la boucle.<\/p>\n\n\n\n<p class=\"wp-block-paragraph\">L\u2019itin\u00e9raire pr\u00eat \u00e0 l\u2019emploi dans <a href=\"https:\/\/www.google.com\/maps\/dir\/Piazza+Bra,+Verona\/Via+Cappello+23,+Verona\/Piazza+delle+Erbe,+Verona\/Piazza+dei+Signori,+Verona\/Via+Sottoriva,+Verona\/Castelvecchio,+Verona\/Ponte+Pietra,+Verona\/Castel+San+Pietro,+Verona\/Piazza+Bra,+Verona\/@45.4390,10.9920,15z\/am=t\/data=!4m2!4m1!3e2\" target=\"_blank\" rel=\"noreferrer noopener nofollow\">Google Maps<\/a>.<\/p>\n\n\n\n<h2 class=\"wp-block-heading\"><strong>Si vous n\u2019avez qu\u2019une demi-journ\u00e9e<\/strong><\/h2>\n\n\n\n<p class=\"wp-block-paragraph\">Avec 3 \u00e0 4 heures devant vous, choisissez le c\u0153ur compact du centre : Piazza Bra, Ar\u00e8nes, Via Mazzini, Maison de Juliette, Piazza delle Erbe, Piazza dei Signori avec les Arches Scalig\u00e8res. Le tout dans l\u2019ordre indiqu\u00e9 plus haut, sans l\u2019apr\u00e8s-midi.<\/p>\n\n\n\n<ul class=\"wp-block-list\">\n<li>9h00 \u2014 Piazza Bra et Ar\u00e8nes (\u00e9tape A1, ext\u00e9rieur : 20 min)<\/li>\n\n\n\n<li>9h20 \u2014 Via Mazzini et Maison de Juliette (\u00e9tape A2 : 25 min)<\/li>\n\n\n\n<li>9h50 \u2014 Piazza delle Erbe (\u00e9tape A3 : 20 min)<\/li>\n\n\n\n<li>10h10 \u2014 Arco della Costa, Piazza Dante, Arches Scalig\u00e8res (\u00e9tape A4 : 25 min)<\/li>\n\n\n\n<li>10h40 \u2014 temps libre ou pause caf\u00e9<\/li>\n<\/ul>\n\n\n\n<p class=\"wp-block-paragraph\">Pour une demi-journ\u00e9e avec un guide, notre <a href=\"https:\/\/veronaguide.it\/fr\/localisation\/verona-fr\/visite-guidee-de-verone-apercu-demi-journee\/\" data-type=\"link\" data-id=\"https:\/\/veronaguide.it\/fr\/localisation\/verona-fr\/visite-guidee-de-verone-apercu-demi-journee\/\" target=\"_blank\" rel=\"noreferrer noopener\">Visite Guid\u00e9e Panoramique Demi-Journ\u00e9e<\/a> couvre exactement ce parcours en 2 heures avec un guide agr\u00e9\u00e9. C\u2019est la meilleure fa\u00e7on de voir le maximum en un minimum de temps sans passer \u00e0 c\u00f4t\u00e9 des d\u00e9tails que l\u2019\u0153il nu ne d\u00e9chiffre pas.<\/p>\n","protected":false},"excerpt":{"rendered":"<p>V\u00e9rone est l\u2019une des villes italiennes les plus faciles \u00e0 visiter \u00e0 pied : le centre historique est compact, presque enti\u00e8rement pi\u00e9ton, et les distances entre les principaux monuments sont courtes. En une journ\u00e9e, on peut voir \u00e9norm\u00e9ment de choses, \u00e0 condition de suivre un ordre logique.<\/p>\n<p>Cet itin\u00e9raire s\u2019adresse \u00e0 ceux qui disposent d\u2019une journ\u00e9e enti\u00e8re \u2014 de 9h \u00e0 18h environ. Il suit une boucle qui part et revient du c\u00f4t\u00e9 de la Piazza Bra, r\u00e9duit au minimum les allers-retours et garde le plus beau panorama pour la fin de l\u2019apr\u00e8s-midi, lorsque la lumi\u00e8re sur la pierre rouge v\u00e9ronaise est incomparable.<\/p>\n","protected":false},"author":6,"featured_media":10817,"comment_status":"closed","ping_status":"closed","sticky":false,"template":"","format":"standard","meta":{"_acf_changed":false,"footnotes":""},"categories":[283],"tags":[],"class_list":["post-10823","post","type-post","status-publish","format-standard","has-post-thumbnail","hentry","category-magazine-fr"],"acf":[],"_links":{"self":[{"href":"https:\/\/veronaguide.it\/fr\/wp-json\/wp\/v2\/posts\/10823","targetHints":{"allow":["GET"]}}],"collection":[{"href":"https:\/\/veronaguide.it\/fr\/wp-json\/wp\/v2\/posts"}],"about":[{"href":"https:\/\/veronaguide.it\/fr\/wp-json\/wp\/v2\/types\/post"}],"author":[{"embeddable":true,"href":"https:\/\/veronaguide.it\/fr\/wp-json\/wp\/v2\/users\/6"}],"replies":[{"embeddable":true,"href":"https:\/\/veronaguide.it\/fr\/wp-json\/wp\/v2\/comments?post=10823"}],"version-history":[{"count":5,"href":"https:\/\/veronaguide.it\/fr\/wp-json\/wp\/v2\/posts\/10823\/revisions"}],"predecessor-version":[{"id":10872,"href":"https:\/\/veronaguide.it\/fr\/wp-json\/wp\/v2\/posts\/10823\/revisions\/10872"}],"wp:featuredmedia":[{"embeddable":true,"href":"https:\/\/veronaguide.it\/fr\/wp-json\/wp\/v2\/media\/10817"}],"wp:attachment":[{"href":"https:\/\/veronaguide.it\/fr\/wp-json\/wp\/v2\/media?parent=10823"}],"wp:term":[{"taxonomy":"category","embeddable":true,"href":"https:\/\/veronaguide.it\/fr\/wp-json\/wp\/v2\/categories?post=10823"},{"taxonomy":"post_tag","embeddable":true,"href":"https:\/\/veronaguide.it\/fr\/wp-json\/wp\/v2\/tags?post=10823"}],"curies":[{"name":"wp","href":"https:\/\/api.w.org\/{rel}","templated":true}]}}